{"id":487,"date":"2016-04-29T09:00:07","date_gmt":"2016-04-29T07:00:07","guid":{"rendered":"http:\/\/www.safesportid.com\/blog\/?p=487"},"modified":"2016-04-29T09:08:33","modified_gmt":"2016-04-29T07:08:33","slug":"alejandro-valverde-2","status":"publish","type":"post","link":"https:\/\/www.safesportid.com\/blog\/en\/athletes\/alejandro-valverde-2\/","title":{"rendered":"Alejandro Valverde \u2013 Born to cycle"},"content":{"rendered":"<p>If you are familiar with cycling, or at least if you follow events such as Le Tour de France or La Vuelta de Espa\u00f1a, it\u2019s very likely that you have heard the name Alejandro Valverde at least a few times.<\/p>\n<h1>Alejandro Valverde, from \u201cThe Unbeaten\u201d to \u201cThe Bullet\u201d<\/h1>\n<p>Valverde took the cycling world by surprise a few years ago. However, the only ones that were not surprised by his successsare his parents. When he was 9 years old, he received his first bicycle from his father, and during his first outing he cycled 100 km (62 miles).<\/p>\n<p>It didn\u2019t take long for him to receive his first nickname. When Valverde was 9 years old he won the second race he participated in. From that moment on, his colleagues started referring to him as \u201cThe unbeaten\u201d and<strong> the parents of his competitors begged him to participate in less races<\/strong>, so that other kids could win sometimes.<\/p>\n<div id=\"attachment_483\" style=\"width: 948px\" class=\"wp-caption aligncenter\"><a href=\"http:\/\/www.safesportid.com\/blog\/wp-content\/uploads\/2016\/04\/11.png\"><img loading=\"lazy\" decoding=\"async\" aria-describedby=\"caption-attachment-483\" class=\"size-full wp-image-483\" src=\"http:\/\/www.safesportid.com\/blog\/wp-content\/uploads\/2016\/04\/11.png\" alt=\"Alejandro Valverde winning the Fleche Wallonne\" width=\"938\" height=\"605\" srcset=\"https:\/\/www.safesportid.com\/blog\/wp-content\/uploads\/2016\/04\/11.png 938w, https:\/\/www.safesportid.com\/blog\/wp-content\/uploads\/2016\/04\/11-300x193.png 300w\" sizes=\"(max-width: 938px) 100vw, 938px\" \/><\/a><p id=\"caption-attachment-483\" class=\"wp-caption-text\">Alejandro Valverde winning the Fleche Wallonne<\/p><\/div>\n<p>He debuted as professional cyclist on 2002 with the team Kelme-Costa Blanca after briefly cycling with the team Banesto. From that moment on, it became very frequent to see Valverde in the highest positions of the podium in most of the competitions he participates in. Naming all his achievements (which gave him the nickname of \u201c<em>The Bullet<\/em>\u201d) can\u00a0take a long time, and although a lot of people think that he wins easily, Valverde claims that he is under a lot of pressure, both from the fans and also the press.<\/p>\n<p>Valverde, however, is still being humble and says that winning is not easy as it not only depends on him, but also on many other different elements.<\/p>\n<blockquote><p><em>\u201cWinning is difficult. Many times not only you need to be good, but also lucky, strong and keep a positive mentality\u201d.<\/em><\/p><\/blockquote>\n<h2>The Tour de France, the pending challenge for Alejandro Valverde<\/h2>\n<p>After competing in his first Tour de France where competitors such as Lance Armstrong were impressed he hasn\u2019t stopped adding victories to his track record: on 2006 he won the <em>Fl\u00e8che Wallonne <\/em>and the <em>Lieja-Bastogne-Lieja<\/em>; and on 2008<em> La Vuelta a Murcia, Par\u00eds-Camembert <\/em>and<em> The Cl\u00e1sica de San Sebasti\u00e1n <\/em>en 2008.<\/p>\n<p>After his temporary suspension, Valverde sign with the team Movistar, winning the <em>Vuelta a Andaluc\u00eda. <\/em>Watching Valverde scoring high at the end of every stage in a big race has become a routine already, but we had to wait until 2015 to see him accomplishing one of his biggest dreams: <strong>to climb the podium at <em>The Tour de France<\/em>, where he ended up in third position.<\/strong><\/p>\n<div id=\"attachment_484\" style=\"width: 1041px\" class=\"wp-caption aligncenter\"><a href=\"http:\/\/www.safesportid.com\/blog\/wp-content\/uploads\/2016\/04\/2.png\"><img loading=\"lazy\" decoding=\"async\" aria-describedby=\"caption-attachment-484\" class=\"size-full wp-image-484\" src=\"http:\/\/www.safesportid.com\/blog\/wp-content\/uploads\/2016\/04\/2.png\" alt=\"Alejandro Valverde, first on the right\" width=\"1031\" height=\"616\" srcset=\"https:\/\/www.safesportid.com\/blog\/wp-content\/uploads\/2016\/04\/2.png 1031w, https:\/\/www.safesportid.com\/blog\/wp-content\/uploads\/2016\/04\/2-300x179.png 300w, https:\/\/www.safesportid.com\/blog\/wp-content\/uploads\/2016\/04\/2-1024x612.png 1024w\" sizes=\"(max-width: 1031px) 100vw, 1031px\" \/><\/a><p id=\"caption-attachment-484\" class=\"wp-caption-text\">Alejandro Valverde, first on the right<\/p><\/div>\n<p>Valverde had a really good start this year. He won the <em>Vuelta a Andaluc\u00eda, the Vuelta a Castilla y Le\u00f3n <\/em>and on April 2016 he won his fourth <em>Fl\u00e8che Wallonne<\/em><em>, <\/em>being the first cyclist to accomplish this. Will Valverde finally climb the podium as winner of the <em>Tour de France<\/em> this year?<\/p>\n<p>&nbsp;<\/p>\n<p>Below, a list of the most important victories of Alejandro Valverde. If you want to see the (impressive) <a href=\"http:\/\/www.alejandrovalverde.es\/en\/palmares.aspx\">complete list<\/a>, you can do it on his <a href=\"http:\/\/www.alejandrovalverde.es\/en\/index.aspx\">website<\/a>.<\/p>\n<p><strong>2016<\/strong><\/p>\n<ul>\n<li>1st of the overall classification of the Vuelta a Andaluc\u00eda<\/li>\n<li>1st Vuelta a Castilla y Le\u00f3n<\/li>\n<li>1st of the Fl\u00e8che Wallonne<\/li>\n<\/ul>\n<p><strong>2015<\/strong><\/p>\n<ul>\n<li>1st of the Serra de Tramuntana Trophy (Challenge Mallorca)<\/li>\n<li>1st of the Fl\u00e8che Wallonne<\/li>\n<li>1st of Li\u00e8ge-Bastogne-Li\u00e8ge<\/li>\n<li>1st of the Road Spanish Championship<\/li>\n<li>3rd of the final individual classification of the Tour de France<\/li>\n<li>1st of the final teams classification of the Tour de France<\/li>\n<li>1st of the overall points classification of the Vuelta a Espa\u00f1a<\/li>\n<\/ul>\n<p><strong>2014<\/strong><\/p>\n<ul>\n<li>1st of the Vuelta a Murcia1st of the final general classification of the Vuelta a Andalusia<\/li>\n<li>1st of Roma Maxima<\/li>\n<li>1st G.P. Miguel Indurain<\/li>\n<li>1st of the Fl\u00e8che Wallonne<\/li>\n<li>1st of the Spanish Championship ITT<\/li>\n<li>1st of the Cl\u00e1sica of San Sebasti\u00e1n<\/li>\n<li>3rd of the final general classification of the Vuelta a Espa\u00f1a<\/li>\n<\/ul>\n<p><strong>2013<\/strong><\/p>\n<ul>\n<li>1st of the final classification of the Vuelta a Andalucia<\/li>\n<\/ul>\n<p><strong>2012<\/strong><\/p>\n<ul>\n<li>1st of the final classification of the Vuelta of Andaluc\u00eda<\/li>\n<li>Winner of the points classification of the Vuelta a Espa\u00f1a<\/li>\n<li>Winner of the combinada classification of the Vuelta a Espa\u00f1a<\/li>\n<\/ul>\n<p>&nbsp;<\/p>\n<a class=\"synved-social-button synved-social-button-share synved-social-size-32 synved-social-resolution-normal synved-social-provider-facebook nolightbox\" data-provider=\"facebook\" target=\"_blank\" rel=\"nofollow\" title=\"Share on Facebook\" href=\"https:\/\/www.facebook.com\/sharer.php?u=https%3A%2F%2Fwww.safesportid.com%2Fblog%2Fwp-json%2Fwp%2Fv2%2Fposts%2F487&#038;t=Alejandro%20Valverde%20%E2%80%93%20Born%20to%20cycle&#038;s=100&#038;p&#091;url&#093;=https%3A%2F%2Fwww.safesportid.com%2Fblog%2Fwp-json%2Fwp%2Fv2%2Fposts%2F487&#038;p&#091;images&#093;&#091;0&#093;=https%3A%2F%2Fwww.safesportid.com%2Fblog%2Fwp-content%2Fuploads%2F2016%2F04%2F3.png&#038;p&#091;title&#093;=Alejandro%20Valverde%20%E2%80%93%20Born%20to%20cycle\" style=\"font-size: 0px; width:32px;height:32px;margin:0;margin-bottom:5px;margin-right:5px;\"><img loading=\"lazy\" decoding=\"async\" alt=\"Facebook\" title=\"Share on Facebook\" class=\"synved-share-image synved-social-image synved-social-image-share\" width=\"32\" height=\"32\" style=\"display: inline; width:32px;height:32px; margin: 0; padding: 0; border: none; box-shadow: none;\" src=\"https:\/\/www.safesportid.com\/blog\/wp-content\/plugins\/social-media-feather\/synved-social\/image\/social\/regular\/32x32\/facebook.png\" \/><\/a><a class=\"synved-social-button synved-social-button-share synved-social-size-32 synved-social-resolution-normal synved-social-provider-twitter nolightbox\" data-provider=\"twitter\" target=\"_blank\" rel=\"nofollow\" title=\"Share on Twitter\" href=\"https:\/\/twitter.com\/intent\/tweet?url=https%3A%2F%2Fwww.safesportid.com%2Fblog%2Fwp-json%2Fwp%2Fv2%2Fposts%2F487&#038;text=Hey%20check%20this%20out\" style=\"font-size: 0px; width:32px;height:32px;margin:0;margin-bottom:5px;margin-right:5px;\"><img loading=\"lazy\" decoding=\"async\" alt=\"twitter\" title=\"Share on Twitter\" class=\"synved-share-image synved-social-image synved-social-image-share\" width=\"32\" height=\"32\" style=\"display: inline; width:32px;height:32px; margin: 0; padding: 0; border: none; box-shadow: none;\" src=\"https:\/\/www.safesportid.com\/blog\/wp-content\/plugins\/social-media-feather\/synved-social\/image\/social\/regular\/32x32\/twitter.png\" \/><\/a><a class=\"synved-social-button synved-social-button-share synved-social-size-32 synved-social-resolution-normal synved-social-provider-linkedin nolightbox\" data-provider=\"linkedin\" target=\"_blank\" rel=\"nofollow\" title=\"Share on Linkedin\" href=\"https:\/\/www.linkedin.com\/shareArticle?mini=true&#038;url=https%3A%2F%2Fwww.safesportid.com%2Fblog%2Fwp-json%2Fwp%2Fv2%2Fposts%2F487&#038;title=Alejandro%20Valverde%20%E2%80%93%20Born%20to%20cycle\" style=\"font-size: 0px; width:32px;height:32px;margin:0;margin-bottom:5px;margin-right:5px;\"><img loading=\"lazy\" decoding=\"async\" alt=\"linkedin\" title=\"Share on Linkedin\" class=\"synved-share-image synved-social-image synved-social-image-share\" width=\"32\" height=\"32\" style=\"display: inline; width:32px;height:32px; margin: 0; padding: 0; border: none; box-shadow: none;\" src=\"https:\/\/www.safesportid.com\/blog\/wp-content\/plugins\/social-media-feather\/synved-social\/image\/social\/regular\/32x32\/linkedin.png\" \/><\/a><a class=\"synved-social-button synved-social-button-share synved-social-size-32 synved-social-resolution-normal synved-social-provider-mail nolightbox\" data-provider=\"mail\" rel=\"nofollow\" title=\"Share by email\" href=\"mailto:?subject=Alejandro%20Valverde%20%E2%80%93%20Born%20to%20cycle&#038;body=Hey%20check%20this%20out:%20https%3A%2F%2Fwww.safesportid.com%2Fblog%2Fwp-json%2Fwp%2Fv2%2Fposts%2F487\" style=\"font-size: 0px; width:32px;height:32px;margin:0;margin-bottom:5px;\"><img loading=\"lazy\" decoding=\"async\" alt=\"mail\" title=\"Share by email\" class=\"synved-share-image synved-social-image synved-social-image-share\" width=\"32\" height=\"32\" style=\"display: inline; width:32px;height:32px; margin: 0; padding: 0; border: none; box-shadow: none;\" src=\"https:\/\/www.safesportid.com\/blog\/wp-content\/plugins\/social-media-feather\/synved-social\/image\/social\/regular\/32x32\/mail.png\" \/><\/a><a class=\"synved-social-button synved-social-button-share synved-social-size-32 synved-social-resolution-hidef synved-social-provider-facebook nolightbox\" data-provider=\"facebook\" target=\"_blank\" rel=\"nofollow\" title=\"Share on Facebook\" href=\"https:\/\/www.facebook.com\/sharer.php?u=https%3A%2F%2Fwww.safesportid.com%2Fblog%2Fwp-json%2Fwp%2Fv2%2Fposts%2F487&#038;t=Alejandro%20Valverde%20%E2%80%93%20Born%20to%20cycle&#038;s=100&#038;p&#091;url&#093;=https%3A%2F%2Fwww.safesportid.com%2Fblog%2Fwp-json%2Fwp%2Fv2%2Fposts%2F487&#038;p&#091;images&#093;&#091;0&#093;=https%3A%2F%2Fwww.safesportid.com%2Fblog%2Fwp-content%2Fuploads%2F2016%2F04%2F3.png&#038;p&#091;title&#093;=Alejandro%20Valverde%20%E2%80%93%20Born%20to%20cycle\" style=\"font-size: 0px; width:32px;height:32px;margin:0;margin-bottom:5px;margin-right:5px;\"><img loading=\"lazy\" decoding=\"async\" alt=\"Facebook\" title=\"Share on Facebook\" class=\"synved-share-image synved-social-image synved-social-image-share\" width=\"32\" height=\"32\" style=\"display: inline; width:32px;height:32px; margin: 0; padding: 0; border: none; box-shadow: none;\" src=\"https:\/\/www.safesportid.com\/blog\/wp-content\/plugins\/social-media-feather\/synved-social\/image\/social\/regular\/64x64\/facebook.png\" \/><\/a><a class=\"synved-social-button synved-social-button-share synved-social-size-32 synved-social-resolution-hidef synved-social-provider-twitter nolightbox\" data-provider=\"twitter\" target=\"_blank\" rel=\"nofollow\" title=\"Share on Twitter\" href=\"https:\/\/twitter.com\/intent\/tweet?url=https%3A%2F%2Fwww.safesportid.com%2Fblog%2Fwp-json%2Fwp%2Fv2%2Fposts%2F487&#038;text=Hey%20check%20this%20out\" style=\"font-size: 0px; width:32px;height:32px;margin:0;margin-bottom:5px;margin-right:5px;\"><img loading=\"lazy\" decoding=\"async\" alt=\"twitter\" title=\"Share on Twitter\" class=\"synved-share-image synved-social-image synved-social-image-share\" width=\"32\" height=\"32\" style=\"display: inline; width:32px;height:32px; margin: 0; padding: 0; border: none; box-shadow: none;\" src=\"https:\/\/www.safesportid.com\/blog\/wp-content\/plugins\/social-media-feather\/synved-social\/image\/social\/regular\/64x64\/twitter.png\" \/><\/a><a class=\"synved-social-button synved-social-button-share synved-social-size-32 synved-social-resolution-hidef synved-social-provider-linkedin nolightbox\" data-provider=\"linkedin\" target=\"_blank\" rel=\"nofollow\" title=\"Share on Linkedin\" href=\"https:\/\/www.linkedin.com\/shareArticle?mini=true&#038;url=https%3A%2F%2Fwww.safesportid.com%2Fblog%2Fwp-json%2Fwp%2Fv2%2Fposts%2F487&#038;title=Alejandro%20Valverde%20%E2%80%93%20Born%20to%20cycle\" style=\"font-size: 0px; width:32px;height:32px;margin:0;margin-bottom:5px;margin-right:5px;\"><img loading=\"lazy\" decoding=\"async\" alt=\"linkedin\" title=\"Share on Linkedin\" class=\"synved-share-image synved-social-image synved-social-image-share\" width=\"32\" height=\"32\" style=\"display: inline; width:32px;height:32px; margin: 0; padding: 0; border: none; box-shadow: none;\" src=\"https:\/\/www.safesportid.com\/blog\/wp-content\/plugins\/social-media-feather\/synved-social\/image\/social\/regular\/64x64\/linkedin.png\" \/><\/a><a class=\"synved-social-button synved-social-button-share synved-social-size-32 synved-social-resolution-hidef synved-social-provider-mail nolightbox\" data-provider=\"mail\" rel=\"nofollow\" title=\"Share by email\" href=\"mailto:?subject=Alejandro%20Valverde%20%E2%80%93%20Born%20to%20cycle&#038;body=Hey%20check%20this%20out:%20https%3A%2F%2Fwww.safesportid.com%2Fblog%2Fwp-json%2Fwp%2Fv2%2Fposts%2F487\" style=\"font-size: 0px; width:32px;height:32px;margin:0;margin-bottom:5px;\"><img loading=\"lazy\" decoding=\"async\" alt=\"mail\" title=\"Share by email\" class=\"synved-share-image synved-social-image synved-social-image-share\" width=\"32\" height=\"32\" style=\"display: inline; width:32px;height:32px; margin: 0; padding: 0; border: none; box-shadow: none;\" src=\"https:\/\/www.safesportid.com\/blog\/wp-content\/plugins\/social-media-feather\/synved-social\/image\/social\/regular\/64x64\/mail.png\" \/><\/a>","protected":false},"excerpt":{"rendered":"<p>Who is Alejandro Valverde? If you are a follower of cyclism and of Tour de France or Vuelta de Espa\u00f1a, click here<\/p>\n","protected":false},"author":8,"featured_media":485,"comment_status":"open","ping_status":"open","sticky":false,"template":"","format":"standard","meta":{"footnotes":""},"categories":[68],"tags":[253,162,255],"yoast_head":"<!-- This site is optimized with the Yoast SEO plugin v20.4 - https:\/\/yoast.com\/wordpress\/plugins\/seo\/ -->\n<title>Alejandro Valverde \u2013 Born to cycle - Blog Safesport ID<\/title>\n<meta name=\"robots\" content=\"index, follow, max-snippet:-1, max-image-preview:large, max-video-preview:-1\" \/>\n<link rel=\"canonical\" href=\"https:\/\/www.safesportid.com\/blog\/en\/athletes\/alejandro-valverde-2\/\" \/>\n<meta property=\"og:locale\" content=\"es_ES\" \/>\n<meta property=\"og:type\" content=\"article\" \/>\n<meta property=\"og:title\" content=\"Alejandro Valverde \u2013 Born to cycle - Blog Safesport ID\" \/>\n<meta property=\"og:description\" content=\"Who is Alejandro Valverde? If you are a follower of cyclism and of Tour de France or Vuelta de Espa\u00f1a, click here\" \/>\n<meta property=\"og:url\" content=\"https:\/\/www.safesportid.com\/blog\/en\/athletes\/alejandro-valverde-2\/\" \/>\n<meta property=\"og:site_name\" content=\"Blog Safesport ID\" \/>\n<meta property=\"article:publisher\" content=\"https:\/\/www.facebook.com\/safesportid\/\" \/>\n<meta property=\"article:published_time\" content=\"2016-04-29T07:00:07+00:00\" \/>\n<meta property=\"article:modified_time\" content=\"2016-04-29T07:08:33+00:00\" \/>\n<meta property=\"og:image\" content=\"https:\/\/www.safesportid.com\/blog\/wp-content\/uploads\/2016\/04\/3.png\" \/>\n\t<meta property=\"og:image:width\" content=\"929\" \/>\n\t<meta property=\"og:image:height\" content=\"612\" \/>\n\t<meta property=\"og:image:type\" content=\"image\/png\" \/>\n<meta name=\"author\" content=\"Safesport ID\" \/>\n<meta name=\"twitter:card\" content=\"summary_large_image\" \/>\n<meta name=\"twitter:creator\" content=\"@Safesportid_es\" \/>\n<meta name=\"twitter:site\" content=\"@Safesportid_es\" \/>\n<meta name=\"twitter:label1\" content=\"Escrito por\" \/>\n\t<meta name=\"twitter:data1\" content=\"Safesport ID\" \/>\n\t<meta name=\"twitter:label2\" content=\"Tiempo de lectura\" \/>\n\t<meta name=\"twitter:data2\" content=\"4 minutos\" \/>\n<script type=\"application\/ld+json\" class=\"yoast-schema-graph\">{\"@context\":\"https:\/\/schema.org\",\"@graph\":[{\"@type\":\"Article\",\"@id\":\"https:\/\/www.safesportid.com\/blog\/en\/athletes\/alejandro-valverde-2\/#article\",\"isPartOf\":{\"@id\":\"https:\/\/www.safesportid.com\/blog\/en\/athletes\/alejandro-valverde-2\/\"},\"author\":{\"name\":\"Safesport ID\",\"@id\":\"https:\/\/www.safesportid.com\/blog\/fr\/#\/schema\/person\/276a7a2914d0ce095f4f1d99891f14d4\"},\"headline\":\"Alejandro Valverde \u2013 Born to cycle\",\"datePublished\":\"2016-04-29T07:00:07+00:00\",\"dateModified\":\"2016-04-29T07:08:33+00:00\",\"mainEntityOfPage\":{\"@id\":\"https:\/\/www.safesportid.com\/blog\/en\/athletes\/alejandro-valverde-2\/\"},\"wordCount\":721,\"commentCount\":0,\"publisher\":{\"@id\":\"https:\/\/www.safesportid.com\/blog\/fr\/#organization\"},\"keywords\":[\"Alejandro Valverde\",\"Cycling\",\"Valverde\"],\"articleSection\":[\"Athletes\"],\"inLanguage\":\"es\",\"potentialAction\":[{\"@type\":\"CommentAction\",\"name\":\"Comment\",\"target\":[\"https:\/\/www.safesportid.com\/blog\/en\/athletes\/alejandro-valverde-2\/#respond\"]}]},{\"@type\":\"WebPage\",\"@id\":\"https:\/\/www.safesportid.com\/blog\/en\/athletes\/alejandro-valverde-2\/\",\"url\":\"https:\/\/www.safesportid.com\/blog\/en\/athletes\/alejandro-valverde-2\/\",\"name\":\"Alejandro Valverde \u2013 Born to cycle - Blog Safesport ID\",\"isPartOf\":{\"@id\":\"https:\/\/www.safesportid.com\/blog\/fr\/#website\"},\"datePublished\":\"2016-04-29T07:00:07+00:00\",\"dateModified\":\"2016-04-29T07:08:33+00:00\",\"breadcrumb\":{\"@id\":\"https:\/\/www.safesportid.com\/blog\/en\/athletes\/alejandro-valverde-2\/#breadcrumb\"},\"inLanguage\":\"es\",\"potentialAction\":[{\"@type\":\"ReadAction\",\"target\":[\"https:\/\/www.safesportid.com\/blog\/en\/athletes\/alejandro-valverde-2\/\"]}]},{\"@type\":\"BreadcrumbList\",\"@id\":\"https:\/\/www.safesportid.com\/blog\/en\/athletes\/alejandro-valverde-2\/#breadcrumb\",\"itemListElement\":[{\"@type\":\"ListItem\",\"position\":1,\"name\":\"Portada\",\"item\":\"https:\/\/www.safesportid.com\/blog\/fr\/\"},{\"@type\":\"ListItem\",\"position\":2,\"name\":\"Alejandro Valverde \u2013 Born to cycle\"}]},{\"@type\":\"WebSite\",\"@id\":\"https:\/\/www.safesportid.com\/blog\/fr\/#website\",\"url\":\"https:\/\/www.safesportid.com\/blog\/fr\/\",\"name\":\"Blog Safesport ID\",\"description\":\"Pulseras identificativas personalizadas con tus datos vitales. En caso de emergecia sabr\u00e1n a quien avisar y conocer\u00e1n posibles datos m\u00e9dicos relevantes\",\"publisher\":{\"@id\":\"https:\/\/www.safesportid.com\/blog\/fr\/#organization\"},\"potentialAction\":[{\"@type\":\"SearchAction\",\"target\":{\"@type\":\"EntryPoint\",\"urlTemplate\":\"https:\/\/www.safesportid.com\/blog\/fr\/?s={search_term_string}\"},\"query-input\":\"required name=search_term_string\"}],\"inLanguage\":\"es\"},{\"@type\":\"Organization\",\"@id\":\"https:\/\/www.safesportid.com\/blog\/fr\/#organization\",\"name\":\"Safesport ID\",\"url\":\"https:\/\/www.safesportid.com\/blog\/fr\/\",\"logo\":{\"@type\":\"ImageObject\",\"inLanguage\":\"es\",\"@id\":\"https:\/\/www.safesportid.com\/blog\/fr\/#\/schema\/logo\/image\/\",\"url\":\"https:\/\/www.safesportid.com\/blog\/wp-content\/uploads\/2016\/05\/Logo.png\",\"contentUrl\":\"https:\/\/www.safesportid.com\/blog\/wp-content\/uploads\/2016\/05\/Logo.png\",\"width\":303,\"height\":299,\"caption\":\"Safesport ID\"},\"image\":{\"@id\":\"https:\/\/www.safesportid.com\/blog\/fr\/#\/schema\/logo\/image\/\"},\"sameAs\":[\"https:\/\/www.facebook.com\/safesportid\/\",\"https:\/\/twitter.com\/Safesportid_es\",\"https:\/\/www.instagram.com\/safesportid_es\/\",\"https:\/\/www.linkedin.com\/company\/safesport-id\",\"https:\/\/www.youtube.com\/user\/safesportid\"]},{\"@type\":\"Person\",\"@id\":\"https:\/\/www.safesportid.com\/blog\/fr\/#\/schema\/person\/276a7a2914d0ce095f4f1d99891f14d4\",\"name\":\"Safesport ID\",\"image\":{\"@type\":\"ImageObject\",\"inLanguage\":\"es\",\"@id\":\"https:\/\/www.safesportid.com\/blog\/fr\/#\/schema\/person\/image\/\",\"url\":\"https:\/\/secure.gravatar.com\/avatar\/70b0220f1e5a5ff163fa03f1fd443a73?s=96&d=mm&r=g\",\"contentUrl\":\"https:\/\/secure.gravatar.com\/avatar\/70b0220f1e5a5ff163fa03f1fd443a73?s=96&d=mm&r=g\",\"caption\":\"Safesport ID\"},\"url\":\"https:\/\/www.safesportid.com\/blog\/author\/teresa-virseda\/\"}]}<\/script>\n<!-- \/ Yoast SEO plugin. -->","yoast_head_json":{"title":"Alejandro Valverde \u2013 Born to cycle - Blog Safesport ID","robots":{"index":"index","follow":"follow","max-snippet":"max-snippet:-1","max-image-preview":"max-image-preview:large","max-video-preview":"max-video-preview:-1"},"canonical":"https:\/\/www.safesportid.com\/blog\/en\/athletes\/alejandro-valverde-2\/","og_locale":"es_ES","og_type":"article","og_title":"Alejandro Valverde \u2013 Born to cycle - Blog Safesport ID","og_description":"Who is Alejandro Valverde? If you are a follower of cyclism and of Tour de France or Vuelta de Espa\u00f1a, click here","og_url":"https:\/\/www.safesportid.com\/blog\/en\/athletes\/alejandro-valverde-2\/","og_site_name":"Blog Safesport ID","article_publisher":"https:\/\/www.facebook.com\/safesportid\/","article_published_time":"2016-04-29T07:00:07+00:00","article_modified_time":"2016-04-29T07:08:33+00:00","og_image":[{"width":929,"height":612,"url":"https:\/\/www.safesportid.com\/blog\/wp-content\/uploads\/2016\/04\/3.png","type":"image\/png"}],"author":"Safesport ID","twitter_card":"summary_large_image","twitter_creator":"@Safesportid_es","twitter_site":"@Safesportid_es","twitter_misc":{"Escrito por":"Safesport ID","Tiempo de lectura":"4 minutos"},"schema":{"@context":"https:\/\/schema.org","@graph":[{"@type":"Article","@id":"https:\/\/www.safesportid.com\/blog\/en\/athletes\/alejandro-valverde-2\/#article","isPartOf":{"@id":"https:\/\/www.safesportid.com\/blog\/en\/athletes\/alejandro-valverde-2\/"},"author":{"name":"Safesport ID","@id":"https:\/\/www.safesportid.com\/blog\/fr\/#\/schema\/person\/276a7a2914d0ce095f4f1d99891f14d4"},"headline":"Alejandro Valverde \u2013 Born to cycle","datePublished":"2016-04-29T07:00:07+00:00","dateModified":"2016-04-29T07:08:33+00:00","mainEntityOfPage":{"@id":"https:\/\/www.safesportid.com\/blog\/en\/athletes\/alejandro-valverde-2\/"},"wordCount":721,"commentCount":0,"publisher":{"@id":"https:\/\/www.safesportid.com\/blog\/fr\/#organization"},"keywords":["Alejandro Valverde","Cycling","Valverde"],"articleSection":["Athletes"],"inLanguage":"es","potentialAction":[{"@type":"CommentAction","name":"Comment","target":["https:\/\/www.safesportid.com\/blog\/en\/athletes\/alejandro-valverde-2\/#respond"]}]},{"@type":"WebPage","@id":"https:\/\/www.safesportid.com\/blog\/en\/athletes\/alejandro-valverde-2\/","url":"https:\/\/www.safesportid.com\/blog\/en\/athletes\/alejandro-valverde-2\/","name":"Alejandro Valverde \u2013 Born to cycle - Blog Safesport ID","isPartOf":{"@id":"https:\/\/www.safesportid.com\/blog\/fr\/#website"},"datePublished":"2016-04-29T07:00:07+00:00","dateModified":"2016-04-29T07:08:33+00:00","breadcrumb":{"@id":"https:\/\/www.safesportid.com\/blog\/en\/athletes\/alejandro-valverde-2\/#breadcrumb"},"inLanguage":"es","potentialAction":[{"@type":"ReadAction","target":["https:\/\/www.safesportid.com\/blog\/en\/athletes\/alejandro-valverde-2\/"]}]},{"@type":"BreadcrumbList","@id":"https:\/\/www.safesportid.com\/blog\/en\/athletes\/alejandro-valverde-2\/#breadcrumb","itemListElement":[{"@type":"ListItem","position":1,"name":"Portada","item":"https:\/\/www.safesportid.com\/blog\/fr\/"},{"@type":"ListItem","position":2,"name":"Alejandro Valverde \u2013 Born to cycle"}]},{"@type":"WebSite","@id":"https:\/\/www.safesportid.com\/blog\/fr\/#website","url":"https:\/\/www.safesportid.com\/blog\/fr\/","name":"Blog Safesport ID","description":"Pulseras identificativas personalizadas con tus datos vitales. En caso de emergecia sabr\u00e1n a quien avisar y conocer\u00e1n posibles datos m\u00e9dicos relevantes","publisher":{"@id":"https:\/\/www.safesportid.com\/blog\/fr\/#organization"},"potentialAction":[{"@type":"SearchAction","target":{"@type":"EntryPoint","urlTemplate":"https:\/\/www.safesportid.com\/blog\/fr\/?s={search_term_string}"},"query-input":"required name=search_term_string"}],"inLanguage":"es"},{"@type":"Organization","@id":"https:\/\/www.safesportid.com\/blog\/fr\/#organization","name":"Safesport ID","url":"https:\/\/www.safesportid.com\/blog\/fr\/","logo":{"@type":"ImageObject","inLanguage":"es","@id":"https:\/\/www.safesportid.com\/blog\/fr\/#\/schema\/logo\/image\/","url":"https:\/\/www.safesportid.com\/blog\/wp-content\/uploads\/2016\/05\/Logo.png","contentUrl":"https:\/\/www.safesportid.com\/blog\/wp-content\/uploads\/2016\/05\/Logo.png","width":303,"height":299,"caption":"Safesport ID"},"image":{"@id":"https:\/\/www.safesportid.com\/blog\/fr\/#\/schema\/logo\/image\/"},"sameAs":["https:\/\/www.facebook.com\/safesportid\/","https:\/\/twitter.com\/Safesportid_es","https:\/\/www.instagram.com\/safesportid_es\/","https:\/\/www.linkedin.com\/company\/safesport-id","https:\/\/www.youtube.com\/user\/safesportid"]},{"@type":"Person","@id":"https:\/\/www.safesportid.com\/blog\/fr\/#\/schema\/person\/276a7a2914d0ce095f4f1d99891f14d4","name":"Safesport ID","image":{"@type":"ImageObject","inLanguage":"es","@id":"https:\/\/www.safesportid.com\/blog\/fr\/#\/schema\/person\/image\/","url":"https:\/\/secure.gravatar.com\/avatar\/70b0220f1e5a5ff163fa03f1fd443a73?s=96&d=mm&r=g","contentUrl":"https:\/\/secure.gravatar.com\/avatar\/70b0220f1e5a5ff163fa03f1fd443a73?s=96&d=mm&r=g","caption":"Safesport ID"},"url":"https:\/\/www.safesportid.com\/blog\/author\/teresa-virseda\/"}]}},"_links":{"self":[{"href":"https:\/\/www.safesportid.com\/blog\/wp-json\/wp\/v2\/posts\/487"}],"collection":[{"href":"https:\/\/www.safesportid.com\/blog\/wp-json\/wp\/v2\/posts"}],"about":[{"href":"https:\/\/www.safesportid.com\/blog\/wp-json\/wp\/v2\/types\/post"}],"author":[{"embeddable":true,"href":"https:\/\/www.safesportid.com\/blog\/wp-json\/wp\/v2\/users\/8"}],"replies":[{"embeddable":true,"href":"https:\/\/www.safesportid.com\/blog\/wp-json\/wp\/v2\/comments?post=487"}],"version-history":[{"count":3,"href":"https:\/\/www.safesportid.com\/blog\/wp-json\/wp\/v2\/posts\/487\/revisions"}],"predecessor-version":[{"id":509,"href":"https:\/\/www.safesportid.com\/blog\/wp-json\/wp\/v2\/posts\/487\/revisions\/509"}],"wp:featuredmedia":[{"embeddable":true,"href":"https:\/\/www.safesportid.com\/blog\/wp-json\/wp\/v2\/media\/485"}],"wp:attachment":[{"href":"https:\/\/www.safesportid.com\/blog\/wp-json\/wp\/v2\/media?parent=487"}],"wp:term":[{"taxonomy":"category","embeddable":true,"href":"https:\/\/www.safesportid.com\/blog\/wp-json\/wp\/v2\/categories?post=487"},{"taxonomy":"post_tag","embeddable":true,"href":"https:\/\/www.safesportid.com\/blog\/wp-json\/wp\/v2\/tags?post=487"}],"curies":[{"name":"wp","href":"https:\/\/api.w.org\/{rel}","templated":true}]}}