{"id":1050,"date":"2016-09-27T10:51:26","date_gmt":"2016-09-27T08:51:26","guid":{"rendered":"http:\/\/www.safesportid.com\/blog\/?p=1050"},"modified":"2017-02-20T12:10:30","modified_gmt":"2017-02-20T10:10:30","slug":"marco-olmo","status":"publish","type":"post","link":"https:\/\/www.safesportid.com\/blog\/it\/atleti\/marco-olmo\/","title":{"rendered":"Marco Olmo \u2013 La leggenda dell&#8217;Ultra Trail"},"content":{"rendered":"<p><em>\u201cNella mia vita sono sempre stato un perdente. Io corro per vendetta.\u201d<\/em><\/p>\n<p>Marco Olmo \u00e8 una legenda vivente delle competizioni estreme. Inizi\u00f2 tardi, a l\u2019et\u00e0 in cui altri si ritirano. Nelle sue \u201cvite anteriori\u201d, come dice lui, aveva fatto l&#8217; agricoltore, il camionista e anche lavorato nella fabbrica di cemento del suo paese. A\u00a0 66 anni, Marco Olmo continua a correre tra l\u2019\u00e9lite e sorprendendo\u00a0 tutti con i suoi risultati.<\/p>\n<p>Marco \u00e8 di Robilante, un piccolo paese nelle Alpi italiane, in provincia di Cuneo. Nato in una famiglia di agricoltori, a 20 anni lasci\u00f2 il campo per lavorare in una fabbrica di cemento nel suo paese. La sua vita e il suo destino cambiano con questa decisione ed ancora oggi, nonostante i suoi successi sportivi, Marco Olmo si definisce come un \u201cperdente\u201d.<\/p>\n<h2>Marco Olmo tra i migliori corridori al mondo<\/h2>\n<p>Marco Olmo \u00e8 molto conosciuto in Europa e principalmente qui, in Italia. Ma tra il 2006 e 2007 sorprese il mondo vincendo due volte l&#8217; Ultra Trail de Montblanc (UTMB) una delle gare pi\u00f9 dure e di pi\u00f9 grande prestigio internazionale. Marco, ai 58 e 59 anni si impose ai migliori corridori del momento in un percorso di 167 chilometri intorno la montagna pi\u00f9 dura di Europa. Pi\u00f9 di 20 ore di gara senza sosta, con un dislivello positivo di 10.000 metri.<\/p>\n<p>Vi lasciamo qui una lista con i risultati pi\u00f9 importanti di Marco Olmo dagli anni 90. Giudicare voi stessi se Marco \u00e8 o non \u00e8 una legenda.<\/p>\n<p><strong>2005<\/strong>:<\/p>\n<p>Gran Raid du Cro-Magnon (Italia &#8211; Francia) 1\u00b0<\/p>\n<p>Ultra Trail du Mont Blanc (Francia) 3<\/p>\n<p>Marathon des Sables (Marocco) 8\u00b0<\/p>\n<p><strong>2006<\/strong>:<\/p>\n<p>Ultra Trail du Mont Blanc (Francia) 1\u00b0<\/p>\n<p>Marathon des Sables (Marocco) 11\u00b0<\/p>\n<p>Gran Raid du Cro-Magnon (Francia) 1\u00b0<\/p>\n<p><strong>2007<\/strong>:<\/p>\n<p>Gran Trail Valdigne (Italia) 1\u00b0<\/p>\n<p>Ultra Trail du Mont Blanc (Francia) 1\u00b0<\/p>\n<p>Via Marenca (Italia) 1\u00b0<\/p>\n<p>Le Porte di Pietra (Italia) 1\u00b0<\/p>\n<p>Chaberton Marathon (Francia &#8211; Italia) 1\u00b0<\/p>\n<p>Winter Eco Trail (Italia) 3\u00b0<\/p>\n<p>Marathon des Sables (Marocco) 11\u00b0<\/p>\n<p><strong>2008<\/strong>:<\/p>\n<p>Le Porte Di Pietra (Italia) 3\u00b0<\/p>\n<p>Oman Raid (Oman) 1\u00b0<\/p>\n<p>Gran Trail Rensen (Italia) 3\u00b0<\/p>\n<p>Transgrancanaria (Spagna) 1\u00b0<\/p>\n<p>Marathon des Sables (Marocco) 9\u00b0<\/p>\n<p><strong>2009<\/strong>:<\/p>\n<p>Transvulcania (Spagna) 3\u00ba<\/p>\n<p>Racing The Planet (Namibia) 3<\/p>\n<p>Marathon des Sables (Marocco) 12\u00b0<\/p>\n<p><strong>2010<\/strong>:<\/p>\n<p>Grand Raid del Sahara (Mali) 2\u00b0<\/p>\n<p>Transvulcania (Spagna) 10\u00ba<\/p>\n<p>Marathon des Sables (Marocco) 13\u00b0<\/p>\n<p>Runiceland (Islanda) 1\u00b0<\/p>\n<p><strong>2011<\/strong>:<\/p>\n<p>Marathon des Sables (Marocco) 12\u00b0<\/p>\n<p>Runiceland (Islanda) 2\u00b0<\/p>\n<p>Oman Raid (Oman) 2\u00b0<\/p>\n<p>Magredi Mountain Trail (Italia) 3\u00b0<\/p>\n<p><strong>2012<\/strong><\/p>\n<p>Marathon des Sables (Marocco) 14\u00b0<\/p>\n<p><strong>2013<\/strong><\/p>\n<p>Marathon des Sables (Marocco) 14\u00b0<\/p>\n<p><strong>2014<\/strong><\/p>\n<p>Sahara Marathon (Algeria) 3\u00b0<\/p>\n<p>100 km del Caribe (Rep\u00fablica Dominicana) 3\u00b0<\/p>\n<p>Marathon des Sables (Marocco) 23\u00b0<\/p>\n<p><strong>2015<\/strong><\/p>\n<p>Marathon des Sables (Marocco) 14\u00b0<\/p>\n<a class=\"synved-social-button synved-social-button-share synved-social-size-32 synved-social-resolution-normal synved-social-provider-facebook nolightbox\" data-provider=\"facebook\" target=\"_blank\" rel=\"nofollow\" title=\"Share on Facebook\" href=\"https:\/\/www.facebook.com\/sharer.php?u=https%3A%2F%2Fwww.safesportid.com%2Fblog%2Fwp-json%2Fwp%2Fv2%2Fposts%2F1050&#038;t=Marco%20Olmo%20%E2%80%93%20La%20leggenda%20dell%E2%80%99Ultra%20Trail&#038;s=100&#038;p&#091;url&#093;=https%3A%2F%2Fwww.safesportid.com%2Fblog%2Fwp-json%2Fwp%2Fv2%2Fposts%2F1050&#038;p&#091;images&#093;&#091;0&#093;=https%3A%2F%2Fwww.safesportid.com%2Fblog%2Fwp-content%2Fuploads%2F2015%2F04%2FMarco_Olmo.jpg&#038;p&#091;title&#093;=Marco%20Olmo%20%E2%80%93%20La%20leggenda%20dell%E2%80%99Ultra%20Trail\" style=\"font-size: 0px; width:32px;height:32px;margin:0;margin-bottom:5px;margin-right:5px;\"><img loading=\"lazy\" decoding=\"async\" alt=\"Facebook\" title=\"Share on Facebook\" class=\"synved-share-image synved-social-image synved-social-image-share\" width=\"32\" height=\"32\" style=\"display: inline; width:32px;height:32px; margin: 0; padding: 0; border: none; box-shadow: none;\" src=\"https:\/\/www.safesportid.com\/blog\/wp-content\/plugins\/social-media-feather\/synved-social\/image\/social\/regular\/32x32\/facebook.png\" \/><\/a><a class=\"synved-social-button synved-social-button-share synved-social-size-32 synved-social-resolution-normal synved-social-provider-twitter nolightbox\" data-provider=\"twitter\" target=\"_blank\" rel=\"nofollow\" title=\"Share on Twitter\" href=\"https:\/\/twitter.com\/intent\/tweet?url=https%3A%2F%2Fwww.safesportid.com%2Fblog%2Fwp-json%2Fwp%2Fv2%2Fposts%2F1050&#038;text=Hey%20check%20this%20out\" style=\"font-size: 0px; width:32px;height:32px;margin:0;margin-bottom:5px;margin-right:5px;\"><img loading=\"lazy\" decoding=\"async\" alt=\"twitter\" title=\"Share on Twitter\" class=\"synved-share-image synved-social-image synved-social-image-share\" width=\"32\" height=\"32\" style=\"display: inline; width:32px;height:32px; margin: 0; padding: 0; border: none; box-shadow: none;\" src=\"https:\/\/www.safesportid.com\/blog\/wp-content\/plugins\/social-media-feather\/synved-social\/image\/social\/regular\/32x32\/twitter.png\" \/><\/a><a class=\"synved-social-button synved-social-button-share synved-social-size-32 synved-social-resolution-normal synved-social-provider-linkedin nolightbox\" data-provider=\"linkedin\" target=\"_blank\" rel=\"nofollow\" title=\"Share on Linkedin\" href=\"https:\/\/www.linkedin.com\/shareArticle?mini=true&#038;url=https%3A%2F%2Fwww.safesportid.com%2Fblog%2Fwp-json%2Fwp%2Fv2%2Fposts%2F1050&#038;title=Marco%20Olmo%20%E2%80%93%20La%20leggenda%20dell%E2%80%99Ultra%20Trail\" style=\"font-size: 0px; width:32px;height:32px;margin:0;margin-bottom:5px;margin-right:5px;\"><img loading=\"lazy\" decoding=\"async\" alt=\"linkedin\" title=\"Share on Linkedin\" class=\"synved-share-image synved-social-image synved-social-image-share\" width=\"32\" height=\"32\" style=\"display: inline; width:32px;height:32px; margin: 0; padding: 0; border: none; box-shadow: none;\" src=\"https:\/\/www.safesportid.com\/blog\/wp-content\/plugins\/social-media-feather\/synved-social\/image\/social\/regular\/32x32\/linkedin.png\" \/><\/a><a class=\"synved-social-button synved-social-button-share synved-social-size-32 synved-social-resolution-normal synved-social-provider-mail nolightbox\" data-provider=\"mail\" rel=\"nofollow\" title=\"Share by email\" href=\"mailto:?subject=Marco%20Olmo%20%E2%80%93%20La%20leggenda%20dell%E2%80%99Ultra%20Trail&#038;body=Hey%20check%20this%20out:%20https%3A%2F%2Fwww.safesportid.com%2Fblog%2Fwp-json%2Fwp%2Fv2%2Fposts%2F1050\" style=\"font-size: 0px; width:32px;height:32px;margin:0;margin-bottom:5px;\"><img loading=\"lazy\" decoding=\"async\" alt=\"mail\" title=\"Share by email\" class=\"synved-share-image synved-social-image synved-social-image-share\" width=\"32\" height=\"32\" style=\"display: inline; width:32px;height:32px; margin: 0; padding: 0; border: none; box-shadow: none;\" src=\"https:\/\/www.safesportid.com\/blog\/wp-content\/plugins\/social-media-feather\/synved-social\/image\/social\/regular\/32x32\/mail.png\" \/><\/a><a class=\"synved-social-button synved-social-button-share synved-social-size-32 synved-social-resolution-hidef synved-social-provider-facebook nolightbox\" data-provider=\"facebook\" target=\"_blank\" rel=\"nofollow\" title=\"Share on Facebook\" href=\"https:\/\/www.facebook.com\/sharer.php?u=https%3A%2F%2Fwww.safesportid.com%2Fblog%2Fwp-json%2Fwp%2Fv2%2Fposts%2F1050&#038;t=Marco%20Olmo%20%E2%80%93%20La%20leggenda%20dell%E2%80%99Ultra%20Trail&#038;s=100&#038;p&#091;url&#093;=https%3A%2F%2Fwww.safesportid.com%2Fblog%2Fwp-json%2Fwp%2Fv2%2Fposts%2F1050&#038;p&#091;images&#093;&#091;0&#093;=https%3A%2F%2Fwww.safesportid.com%2Fblog%2Fwp-content%2Fuploads%2F2015%2F04%2FMarco_Olmo.jpg&#038;p&#091;title&#093;=Marco%20Olmo%20%E2%80%93%20La%20leggenda%20dell%E2%80%99Ultra%20Trail\" style=\"font-size: 0px; width:32px;height:32px;margin:0;margin-bottom:5px;margin-right:5px;\"><img loading=\"lazy\" decoding=\"async\" alt=\"Facebook\" title=\"Share on Facebook\" class=\"synved-share-image synved-social-image synved-social-image-share\" width=\"32\" height=\"32\" style=\"display: inline; width:32px;height:32px; margin: 0; padding: 0; border: none; box-shadow: none;\" src=\"https:\/\/www.safesportid.com\/blog\/wp-content\/plugins\/social-media-feather\/synved-social\/image\/social\/regular\/64x64\/facebook.png\" \/><\/a><a class=\"synved-social-button synved-social-button-share synved-social-size-32 synved-social-resolution-hidef synved-social-provider-twitter nolightbox\" data-provider=\"twitter\" target=\"_blank\" rel=\"nofollow\" title=\"Share on Twitter\" href=\"https:\/\/twitter.com\/intent\/tweet?url=https%3A%2F%2Fwww.safesportid.com%2Fblog%2Fwp-json%2Fwp%2Fv2%2Fposts%2F1050&#038;text=Hey%20check%20this%20out\" style=\"font-size: 0px; width:32px;height:32px;margin:0;margin-bottom:5px;margin-right:5px;\"><img loading=\"lazy\" decoding=\"async\" alt=\"twitter\" title=\"Share on Twitter\" class=\"synved-share-image synved-social-image synved-social-image-share\" width=\"32\" height=\"32\" style=\"display: inline; width:32px;height:32px; margin: 0; padding: 0; border: none; box-shadow: none;\" src=\"https:\/\/www.safesportid.com\/blog\/wp-content\/plugins\/social-media-feather\/synved-social\/image\/social\/regular\/64x64\/twitter.png\" \/><\/a><a class=\"synved-social-button synved-social-button-share synved-social-size-32 synved-social-resolution-hidef synved-social-provider-linkedin nolightbox\" data-provider=\"linkedin\" target=\"_blank\" rel=\"nofollow\" title=\"Share on Linkedin\" href=\"https:\/\/www.linkedin.com\/shareArticle?mini=true&#038;url=https%3A%2F%2Fwww.safesportid.com%2Fblog%2Fwp-json%2Fwp%2Fv2%2Fposts%2F1050&#038;title=Marco%20Olmo%20%E2%80%93%20La%20leggenda%20dell%E2%80%99Ultra%20Trail\" style=\"font-size: 0px; width:32px;height:32px;margin:0;margin-bottom:5px;margin-right:5px;\"><img loading=\"lazy\" decoding=\"async\" alt=\"linkedin\" title=\"Share on Linkedin\" class=\"synved-share-image synved-social-image synved-social-image-share\" width=\"32\" height=\"32\" style=\"display: inline; width:32px;height:32px; margin: 0; padding: 0; border: none; box-shadow: none;\" src=\"https:\/\/www.safesportid.com\/blog\/wp-content\/plugins\/social-media-feather\/synved-social\/image\/social\/regular\/64x64\/linkedin.png\" \/><\/a><a class=\"synved-social-button synved-social-button-share synved-social-size-32 synved-social-resolution-hidef synved-social-provider-mail nolightbox\" data-provider=\"mail\" rel=\"nofollow\" title=\"Share by email\" href=\"mailto:?subject=Marco%20Olmo%20%E2%80%93%20La%20leggenda%20dell%E2%80%99Ultra%20Trail&#038;body=Hey%20check%20this%20out:%20https%3A%2F%2Fwww.safesportid.com%2Fblog%2Fwp-json%2Fwp%2Fv2%2Fposts%2F1050\" style=\"font-size: 0px; width:32px;height:32px;margin:0;margin-bottom:5px;\"><img loading=\"lazy\" decoding=\"async\" alt=\"mail\" title=\"Share by email\" class=\"synved-share-image synved-social-image synved-social-image-share\" width=\"32\" height=\"32\" style=\"display: inline; width:32px;height:32px; margin: 0; padding: 0; border: none; box-shadow: none;\" src=\"https:\/\/www.safesportid.com\/blog\/wp-content\/plugins\/social-media-feather\/synved-social\/image\/social\/regular\/64x64\/mail.png\" \/><\/a>","protected":false},"excerpt":{"rendered":"<p>\u201cNella mia vita sono sempre stato un perdente. Io corro per vendetta.\u201d Questa \u00e8 la storia di Marco Olmo, legenda del Trail<\/p>\n","protected":false},"author":8,"featured_media":295,"comment_status":"open","ping_status":"open","sticky":false,"template":"","format":"standard","meta":{"footnotes":""},"categories":[796],"tags":[718,716,720],"yoast_head":"<!-- This site is optimized with the Yoast SEO plugin v20.4 - https:\/\/yoast.com\/wordpress\/plugins\/seo\/ -->\n<title>Marco Olmo - La legenda del Trail Running<\/title>\n<meta name=\"description\" content=\"\u201cNella mia vita sono sempre stato un perdente. Io corro per vendetta.\u201d Questa \u00e8 la storia di Marco Olmo, legenda del Trail\" \/>\n<meta name=\"robots\" content=\"index, follow, max-snippet:-1, max-image-preview:large, max-video-preview:-1\" \/>\n<link rel=\"canonical\" href=\"https:\/\/www.safesportid.com\/blog\/it\/atleti\/marco-olmo\/\" \/>\n<meta property=\"og:locale\" content=\"es_ES\" \/>\n<meta property=\"og:type\" content=\"article\" \/>\n<meta property=\"og:title\" content=\"Marco Olmo - La legenda del Trail Running\" \/>\n<meta property=\"og:description\" content=\"\u201cNella mia vita sono sempre stato un perdente. Io corro per vendetta.\u201d Questa \u00e8 la storia di Marco Olmo, legenda del Trail\" \/>\n<meta property=\"og:url\" content=\"https:\/\/www.safesportid.com\/blog\/it\/atleti\/marco-olmo\/\" \/>\n<meta property=\"og:site_name\" content=\"Blog Safesport ID\" \/>\n<meta property=\"article:publisher\" content=\"https:\/\/www.facebook.com\/safesportid\/\" \/>\n<meta property=\"article:published_time\" content=\"2016-09-27T08:51:26+00:00\" \/>\n<meta property=\"article:modified_time\" content=\"2017-02-20T10:10:30+00:00\" \/>\n<meta property=\"og:image\" content=\"https:\/\/www.safesportid.com\/blog\/wp-content\/uploads\/2015\/04\/Marco_Olmo.jpg\" \/>\n\t<meta property=\"og:image:width\" content=\"2657\" \/>\n\t<meta property=\"og:image:height\" content=\"2000\" \/>\n\t<meta property=\"og:image:type\" content=\"image\/jpeg\" \/>\n<meta name=\"author\" content=\"Safesport ID\" \/>\n<meta name=\"twitter:card\" content=\"summary_large_image\" \/>\n<meta name=\"twitter:creator\" content=\"@Safesportid_es\" \/>\n<meta name=\"twitter:site\" content=\"@Safesportid_es\" \/>\n<meta name=\"twitter:label1\" content=\"Escrito por\" \/>\n\t<meta name=\"twitter:data1\" content=\"Safesport ID\" \/>\n\t<meta name=\"twitter:label2\" content=\"Tiempo de lectura\" \/>\n\t<meta name=\"twitter:data2\" content=\"2 minutos\" \/>\n<script type=\"application\/ld+json\" class=\"yoast-schema-graph\">{\"@context\":\"https:\/\/schema.org\",\"@graph\":[{\"@type\":\"Article\",\"@id\":\"https:\/\/www.safesportid.com\/blog\/it\/atleti\/marco-olmo\/#article\",\"isPartOf\":{\"@id\":\"https:\/\/www.safesportid.com\/blog\/it\/atleti\/marco-olmo\/\"},\"author\":{\"name\":\"Safesport ID\",\"@id\":\"https:\/\/www.safesportid.com\/blog\/fr\/#\/schema\/person\/276a7a2914d0ce095f4f1d99891f14d4\"},\"headline\":\"Marco Olmo \u2013 La leggenda dell&#8217;Ultra Trail\",\"datePublished\":\"2016-09-27T08:51:26+00:00\",\"dateModified\":\"2017-02-20T10:10:30+00:00\",\"mainEntityOfPage\":{\"@id\":\"https:\/\/www.safesportid.com\/blog\/it\/atleti\/marco-olmo\/\"},\"wordCount\":384,\"commentCount\":0,\"publisher\":{\"@id\":\"https:\/\/www.safesportid.com\/blog\/fr\/#organization\"},\"keywords\":[\"Italia\",\"Marco Olmo\",\"Trail Running\"],\"articleSection\":[\"Atleti\"],\"inLanguage\":\"es\",\"potentialAction\":[{\"@type\":\"CommentAction\",\"name\":\"Comment\",\"target\":[\"https:\/\/www.safesportid.com\/blog\/it\/atleti\/marco-olmo\/#respond\"]}]},{\"@type\":\"WebPage\",\"@id\":\"https:\/\/www.safesportid.com\/blog\/it\/atleti\/marco-olmo\/\",\"url\":\"https:\/\/www.safesportid.com\/blog\/it\/atleti\/marco-olmo\/\",\"name\":\"Marco Olmo - La legenda del Trail Running\",\"isPartOf\":{\"@id\":\"https:\/\/www.safesportid.com\/blog\/fr\/#website\"},\"datePublished\":\"2016-09-27T08:51:26+00:00\",\"dateModified\":\"2017-02-20T10:10:30+00:00\",\"description\":\"\u201cNella mia vita sono sempre stato un perdente. Io corro per vendetta.\u201d Questa \u00e8 la storia di Marco Olmo, legenda del Trail\",\"breadcrumb\":{\"@id\":\"https:\/\/www.safesportid.com\/blog\/it\/atleti\/marco-olmo\/#breadcrumb\"},\"inLanguage\":\"es\",\"potentialAction\":[{\"@type\":\"ReadAction\",\"target\":[\"https:\/\/www.safesportid.com\/blog\/it\/atleti\/marco-olmo\/\"]}]},{\"@type\":\"BreadcrumbList\",\"@id\":\"https:\/\/www.safesportid.com\/blog\/it\/atleti\/marco-olmo\/#breadcrumb\",\"itemListElement\":[{\"@type\":\"ListItem\",\"position\":1,\"name\":\"Portada\",\"item\":\"https:\/\/www.safesportid.com\/blog\/fr\/\"},{\"@type\":\"ListItem\",\"position\":2,\"name\":\"Marco Olmo \u2013 La leggenda dell&#8217;Ultra Trail\"}]},{\"@type\":\"WebSite\",\"@id\":\"https:\/\/www.safesportid.com\/blog\/fr\/#website\",\"url\":\"https:\/\/www.safesportid.com\/blog\/fr\/\",\"name\":\"Blog Safesport ID\",\"description\":\"Pulseras identificativas personalizadas con tus datos vitales. En caso de emergecia sabr\u00e1n a quien avisar y conocer\u00e1n posibles datos m\u00e9dicos relevantes\",\"publisher\":{\"@id\":\"https:\/\/www.safesportid.com\/blog\/fr\/#organization\"},\"potentialAction\":[{\"@type\":\"SearchAction\",\"target\":{\"@type\":\"EntryPoint\",\"urlTemplate\":\"https:\/\/www.safesportid.com\/blog\/fr\/?s={search_term_string}\"},\"query-input\":\"required name=search_term_string\"}],\"inLanguage\":\"es\"},{\"@type\":\"Organization\",\"@id\":\"https:\/\/www.safesportid.com\/blog\/fr\/#organization\",\"name\":\"Safesport ID\",\"url\":\"https:\/\/www.safesportid.com\/blog\/fr\/\",\"logo\":{\"@type\":\"ImageObject\",\"inLanguage\":\"es\",\"@id\":\"https:\/\/www.safesportid.com\/blog\/fr\/#\/schema\/logo\/image\/\",\"url\":\"https:\/\/www.safesportid.com\/blog\/wp-content\/uploads\/2016\/05\/Logo.png\",\"contentUrl\":\"https:\/\/www.safesportid.com\/blog\/wp-content\/uploads\/2016\/05\/Logo.png\",\"width\":303,\"height\":299,\"caption\":\"Safesport ID\"},\"image\":{\"@id\":\"https:\/\/www.safesportid.com\/blog\/fr\/#\/schema\/logo\/image\/\"},\"sameAs\":[\"https:\/\/www.facebook.com\/safesportid\/\",\"https:\/\/twitter.com\/Safesportid_es\",\"https:\/\/www.instagram.com\/safesportid_es\/\",\"https:\/\/www.linkedin.com\/company\/safesport-id\",\"https:\/\/www.youtube.com\/user\/safesportid\"]},{\"@type\":\"Person\",\"@id\":\"https:\/\/www.safesportid.com\/blog\/fr\/#\/schema\/person\/276a7a2914d0ce095f4f1d99891f14d4\",\"name\":\"Safesport ID\",\"image\":{\"@type\":\"ImageObject\",\"inLanguage\":\"es\",\"@id\":\"https:\/\/www.safesportid.com\/blog\/fr\/#\/schema\/person\/image\/\",\"url\":\"https:\/\/secure.gravatar.com\/avatar\/70b0220f1e5a5ff163fa03f1fd443a73?s=96&d=mm&r=g\",\"contentUrl\":\"https:\/\/secure.gravatar.com\/avatar\/70b0220f1e5a5ff163fa03f1fd443a73?s=96&d=mm&r=g\",\"caption\":\"Safesport ID\"},\"url\":\"https:\/\/www.safesportid.com\/blog\/author\/teresa-virseda\/\"}]}<\/script>\n<!-- \/ Yoast SEO plugin. -->","yoast_head_json":{"title":"Marco Olmo - La legenda del Trail Running","description":"\u201cNella mia vita sono sempre stato un perdente. Io corro per vendetta.\u201d Questa \u00e8 la storia di Marco Olmo, legenda del Trail","robots":{"index":"index","follow":"follow","max-snippet":"max-snippet:-1","max-image-preview":"max-image-preview:large","max-video-preview":"max-video-preview:-1"},"canonical":"https:\/\/www.safesportid.com\/blog\/it\/atleti\/marco-olmo\/","og_locale":"es_ES","og_type":"article","og_title":"Marco Olmo - La legenda del Trail Running","og_description":"\u201cNella mia vita sono sempre stato un perdente. Io corro per vendetta.\u201d Questa \u00e8 la storia di Marco Olmo, legenda del Trail","og_url":"https:\/\/www.safesportid.com\/blog\/it\/atleti\/marco-olmo\/","og_site_name":"Blog Safesport ID","article_publisher":"https:\/\/www.facebook.com\/safesportid\/","article_published_time":"2016-09-27T08:51:26+00:00","article_modified_time":"2017-02-20T10:10:30+00:00","og_image":[{"width":2657,"height":2000,"url":"https:\/\/www.safesportid.com\/blog\/wp-content\/uploads\/2015\/04\/Marco_Olmo.jpg","type":"image\/jpeg"}],"author":"Safesport ID","twitter_card":"summary_large_image","twitter_creator":"@Safesportid_es","twitter_site":"@Safesportid_es","twitter_misc":{"Escrito por":"Safesport ID","Tiempo de lectura":"2 minutos"},"schema":{"@context":"https:\/\/schema.org","@graph":[{"@type":"Article","@id":"https:\/\/www.safesportid.com\/blog\/it\/atleti\/marco-olmo\/#article","isPartOf":{"@id":"https:\/\/www.safesportid.com\/blog\/it\/atleti\/marco-olmo\/"},"author":{"name":"Safesport ID","@id":"https:\/\/www.safesportid.com\/blog\/fr\/#\/schema\/person\/276a7a2914d0ce095f4f1d99891f14d4"},"headline":"Marco Olmo \u2013 La leggenda dell&#8217;Ultra Trail","datePublished":"2016-09-27T08:51:26+00:00","dateModified":"2017-02-20T10:10:30+00:00","mainEntityOfPage":{"@id":"https:\/\/www.safesportid.com\/blog\/it\/atleti\/marco-olmo\/"},"wordCount":384,"commentCount":0,"publisher":{"@id":"https:\/\/www.safesportid.com\/blog\/fr\/#organization"},"keywords":["Italia","Marco Olmo","Trail Running"],"articleSection":["Atleti"],"inLanguage":"es","potentialAction":[{"@type":"CommentAction","name":"Comment","target":["https:\/\/www.safesportid.com\/blog\/it\/atleti\/marco-olmo\/#respond"]}]},{"@type":"WebPage","@id":"https:\/\/www.safesportid.com\/blog\/it\/atleti\/marco-olmo\/","url":"https:\/\/www.safesportid.com\/blog\/it\/atleti\/marco-olmo\/","name":"Marco Olmo - La legenda del Trail Running","isPartOf":{"@id":"https:\/\/www.safesportid.com\/blog\/fr\/#website"},"datePublished":"2016-09-27T08:51:26+00:00","dateModified":"2017-02-20T10:10:30+00:00","description":"\u201cNella mia vita sono sempre stato un perdente. Io corro per vendetta.\u201d Questa \u00e8 la storia di Marco Olmo, legenda del Trail","breadcrumb":{"@id":"https:\/\/www.safesportid.com\/blog\/it\/atleti\/marco-olmo\/#breadcrumb"},"inLanguage":"es","potentialAction":[{"@type":"ReadAction","target":["https:\/\/www.safesportid.com\/blog\/it\/atleti\/marco-olmo\/"]}]},{"@type":"BreadcrumbList","@id":"https:\/\/www.safesportid.com\/blog\/it\/atleti\/marco-olmo\/#breadcrumb","itemListElement":[{"@type":"ListItem","position":1,"name":"Portada","item":"https:\/\/www.safesportid.com\/blog\/fr\/"},{"@type":"ListItem","position":2,"name":"Marco Olmo \u2013 La leggenda dell&#8217;Ultra Trail"}]},{"@type":"WebSite","@id":"https:\/\/www.safesportid.com\/blog\/fr\/#website","url":"https:\/\/www.safesportid.com\/blog\/fr\/","name":"Blog Safesport ID","description":"Pulseras identificativas personalizadas con tus datos vitales. En caso de emergecia sabr\u00e1n a quien avisar y conocer\u00e1n posibles datos m\u00e9dicos relevantes","publisher":{"@id":"https:\/\/www.safesportid.com\/blog\/fr\/#organization"},"potentialAction":[{"@type":"SearchAction","target":{"@type":"EntryPoint","urlTemplate":"https:\/\/www.safesportid.com\/blog\/fr\/?s={search_term_string}"},"query-input":"required name=search_term_string"}],"inLanguage":"es"},{"@type":"Organization","@id":"https:\/\/www.safesportid.com\/blog\/fr\/#organization","name":"Safesport ID","url":"https:\/\/www.safesportid.com\/blog\/fr\/","logo":{"@type":"ImageObject","inLanguage":"es","@id":"https:\/\/www.safesportid.com\/blog\/fr\/#\/schema\/logo\/image\/","url":"https:\/\/www.safesportid.com\/blog\/wp-content\/uploads\/2016\/05\/Logo.png","contentUrl":"https:\/\/www.safesportid.com\/blog\/wp-content\/uploads\/2016\/05\/Logo.png","width":303,"height":299,"caption":"Safesport ID"},"image":{"@id":"https:\/\/www.safesportid.com\/blog\/fr\/#\/schema\/logo\/image\/"},"sameAs":["https:\/\/www.facebook.com\/safesportid\/","https:\/\/twitter.com\/Safesportid_es","https:\/\/www.instagram.com\/safesportid_es\/","https:\/\/www.linkedin.com\/company\/safesport-id","https:\/\/www.youtube.com\/user\/safesportid"]},{"@type":"Person","@id":"https:\/\/www.safesportid.com\/blog\/fr\/#\/schema\/person\/276a7a2914d0ce095f4f1d99891f14d4","name":"Safesport ID","image":{"@type":"ImageObject","inLanguage":"es","@id":"https:\/\/www.safesportid.com\/blog\/fr\/#\/schema\/person\/image\/","url":"https:\/\/secure.gravatar.com\/avatar\/70b0220f1e5a5ff163fa03f1fd443a73?s=96&d=mm&r=g","contentUrl":"https:\/\/secure.gravatar.com\/avatar\/70b0220f1e5a5ff163fa03f1fd443a73?s=96&d=mm&r=g","caption":"Safesport ID"},"url":"https:\/\/www.safesportid.com\/blog\/author\/teresa-virseda\/"}]}},"_links":{"self":[{"href":"https:\/\/www.safesportid.com\/blog\/wp-json\/wp\/v2\/posts\/1050"}],"collection":[{"href":"https:\/\/www.safesportid.com\/blog\/wp-json\/wp\/v2\/posts"}],"about":[{"href":"https:\/\/www.safesportid.com\/blog\/wp-json\/wp\/v2\/types\/post"}],"author":[{"embeddable":true,"href":"https:\/\/www.safesportid.com\/blog\/wp-json\/wp\/v2\/users\/8"}],"replies":[{"embeddable":true,"href":"https:\/\/www.safesportid.com\/blog\/wp-json\/wp\/v2\/comments?post=1050"}],"version-history":[{"count":3,"href":"https:\/\/www.safesportid.com\/blog\/wp-json\/wp\/v2\/posts\/1050\/revisions"}],"predecessor-version":[{"id":1302,"href":"https:\/\/www.safesportid.com\/blog\/wp-json\/wp\/v2\/posts\/1050\/revisions\/1302"}],"wp:featuredmedia":[{"embeddable":true,"href":"https:\/\/www.safesportid.com\/blog\/wp-json\/wp\/v2\/media\/295"}],"wp:attachment":[{"href":"https:\/\/www.safesportid.com\/blog\/wp-json\/wp\/v2\/media?parent=1050"}],"wp:term":[{"taxonomy":"category","embeddable":true,"href":"https:\/\/www.safesportid.com\/blog\/wp-json\/wp\/v2\/categories?post=1050"},{"taxonomy":"post_tag","embeddable":true,"href":"https:\/\/www.safesportid.com\/blog\/wp-json\/wp\/v2\/tags?post=1050"}],"curies":[{"name":"wp","href":"https:\/\/api.w.org\/{rel}","templated":true}]}}